{"id":2763,"date":"2025-08-11T11:47:22","date_gmt":"2025-08-11T08:47:22","guid":{"rendered":"https:\/\/www.omegayksi.fi\/?p=2763"},"modified":"2025-08-18T16:46:32","modified_gmt":"2025-08-18T13:46:32","slug":"mira-lumijarhu-projekti-ja-kehityspaallikko","status":"publish","type":"post","link":"http:\/\/www.omegayksi.fi\/sv\/mira-lumijarhu-projekti-ja-kehityspaallikko\/","title":{"rendered":"Mira Lumijarhu &#8211; projekti- ja kehitysp\u00e4\u00e4llikk\u00f6"},"content":{"rendered":"<figure class=\"wp-block-image size-large\"><img fetchpriority=\"high\" decoding=\"async\" width=\"1024\" height=\"683\" src=\"http:\/\/www.omegayksi.fi\/wp-content\/uploads\/2025\/08\/IMG_4360-1024x683.jpg\" alt=\"Mira Lumijarhu - projekti- ja kehitysp\u00e4\u00e4llikk\u00f6\" class=\"wp-image-2778\" srcset=\"http:\/\/www.omegayksi.fi\/wp-content\/uploads\/2025\/08\/IMG_4360-1024x683.jpg 1024w, http:\/\/www.omegayksi.fi\/wp-content\/uploads\/2025\/08\/IMG_4360-300x200.jpg 300w, http:\/\/www.omegayksi.fi\/wp-content\/uploads\/2025\/08\/IMG_4360-768x512.jpg 768w, http:\/\/www.omegayksi.fi\/wp-content\/uploads\/2025\/08\/IMG_4360-600x400.jpg 600w, http:\/\/www.omegayksi.fi\/wp-content\/uploads\/2025\/08\/IMG_4360-1536x1024.jpg 1536w, http:\/\/www.omegayksi.fi\/wp-content\/uploads\/2025\/08\/IMG_4360-2048x1365.jpg 2048w, http:\/\/www.omegayksi.fi\/wp-content\/uploads\/2025\/08\/IMG_4360-18x12.jpg 18w, http:\/\/www.omegayksi.fi\/wp-content\/uploads\/2025\/08\/IMG_4360-1320x880.jpg 1320w, http:\/\/www.omegayksi.fi\/wp-content\/uploads\/2025\/08\/IMG_4360-272x182.jpg 272w\" sizes=\"(max-width: 1024px) 100vw, 1024px\" \/><figcaption class=\"wp-element-caption\">Mira Lumiharju &#8211; Projekti- ja kehitysp\u00e4\u00e4llikk\u00f6<\/figcaption><\/figure>\n\n\n\n<p>Toimin Omegayhdell\u00e4 projekti- ja kehitysp\u00e4\u00e4llikk\u00f6n\u00e4 vastaten yrityksen laadun-, laajennus- ja kehitystoimenpiteist\u00e4 sek\u00e4 Suomessa ett\u00e4 kansainv\u00e4lisesti.<\/p>\n\n\n\n<p>Nykyinen ty\u00f6roolini on tuore, mutta olen ty\u00f6skennellyt Omegayhdell\u00e4 liki kahden vuoden ajan ja siirryin nykyiseen teht\u00e4v\u00e4\u00e4ni Varsinais-Suomen palveluvastaavan roolista.<\/p>\n\n\n\n<p>Olen taustaltani l\u00e4hi- ja sairaanhoitaja ja ty\u00f6kokemukseni on vahvasti ik\u00e4\u00e4ntyneiden puolelta. Kasvoin nelihenkisen perheen esikoisena. Pienest\u00e4 pit\u00e4en olen n\u00e4hnyt sukuni naisten hoitamis- ja ohjaamisty\u00f6t\u00e4 ja is\u00e4ni kautta yritt\u00e4jyyden luoman sinnikkyyden. Uskon t\u00e4m\u00e4n osaltaan vaikuttaneen omiin p\u00e4\u00e4t\u00f6ksiin hoitoalalle kouluttautumisesta ja erilaisten ty\u00f6teht\u00e4vien tekemisest\u00e4. K\u00e4yt\u00e4nn\u00f6n ty\u00f6n lis\u00e4ksi olen melko ripe\u00e4ll\u00e4 tahdilla edennyt ja saanut kerrytt\u00e4\u00e4 ty\u00f6kokemusta my\u00f6s esihenkil\u00f6ty\u00f6st\u00e4. Omia vahvuuksiani on kuuntelemisen taito ja hetkess\u00e4 el\u00e4minen.<\/p>\n\n\n\n<p>Olen innoissani aloittamaan erilaisia kehitystoimenpiteit\u00e4 yhdess\u00e4 muun tiimin kanssa. Erityisen onnellinen olen siit\u00e4, ett\u00e4 yrityksess\u00e4mme mahdollistetaan my\u00f6s oman urapolun kehittyminen.<\/p>\n\n\n\n<p>Ty\u00f6n ulkopuolella tytt\u00e4reni ovat minun maailmani. He pit\u00e4v\u00e4t minut maanl\u00e4heisen\u00e4, ja k\u00e4vely mets\u00e4ss\u00e4 tai aika heid\u00e4n kanssaan auttaa minua aina n\u00e4kem\u00e4\u00e4n asiat oikeassa perspektiiviss\u00e4. Musiikki on toinen t\u00e4rke\u00e4 osa el\u00e4m\u00e4\u00e4ni \u2013 olipa se sitten auton radiosta tai konsertista, se saa minut rentoutumaan ja tuntemaan oloni el\u00e4v\u00e4ksi.<\/p>\n\n\n\n<p>Kun katson taaksep\u00e4in, n\u00e4en matkani l\u00e4pi kulkevan punaisen langan: v\u00e4litt\u00e4minen, yhteyden luominen ja kasvu. Se alkoi perheest\u00e4ni ja jatkuu ty\u00f6ss\u00e4ni ja el\u00e4m\u00e4ss\u00e4ni. Olen innoissani siit\u00e4, mit\u00e4 tulevaisuus tuo tullessaan \u2013 minulle, tiimilleni ja kaikille ihmisille, joista v\u00e4lit\u00e4mme.<\/p>\n\n\n\n<p>Hyv\u00e4\u00e4 uutta viikkoa!<\/p>\n\n\n\n<p><\/p>","protected":false},"excerpt":{"rendered":"<p>Toimin Omegayhdell\u00e4 projekti- ja kehitysp\u00e4\u00e4llikk\u00f6n\u00e4 vastaten yrityksen laadun-, laajennus- ja kehitystoimenpiteist\u00e4 sek\u00e4 Suomessa ett\u00e4 kansainv\u00e4lisesti. Nykyinen ty\u00f6roolini on tuore, mutta [&hellip;]<\/p>\n","protected":false},"author":56,"featured_media":2778,"comment_status":"closed","ping_status":"open","sticky":false,"template":"","format":"standard","meta":{"site-sidebar-layout":"default","site-content-layout":"","ast-site-content-layout":"default","site-content-style":"default","site-sidebar-style":"default","ast-global-header-display":"","ast-banner-title-visibility":"","ast-main-header-display":"","ast-hfb-above-header-display":"","ast-hfb-below-header-display":"","ast-hfb-mobile-header-display":"","site-post-title":"","ast-breadcrumbs-content":"","ast-featured-img":"","footer-sml-layout":"","ast-disable-related-posts":"","theme-transparent-header-meta":"","adv-header-id-meta":"","stick-header-meta":"","header-above-stick-meta":"","header-main-stick-meta":"","header-below-stick-meta":"","astra-migrate-meta-layouts":"default","ast-page-background-enabled":"default","ast-page-background-meta":{"desktop":{"background-color":"var(--ast-global-color-5)","background-image":"","background-repeat":"repeat","background-position":"center center","background-size":"auto","background-attachment":"scroll","background-type":"","background-media":"","overlay-type":"","overlay-color":"","overlay-opacity":"","overlay-gradient":""},"tablet":{"background-color":"","background-image":"","background-repeat":"repeat","background-position":"center center","background-size":"auto","background-attachment":"scroll","background-type":"","background-media":"","overlay-type":"","overlay-color":"","overlay-opacity":"","overlay-gradient":""},"mobile":{"background-color":"","background-image":"","background-repeat":"repeat","background-position":"center center","background-size":"auto","background-attachment":"scroll","background-type":"","background-media":"","overlay-type":"","overlay-color":"","overlay-opacity":"","overlay-gradient":""}},"ast-content-background-meta":{"desktop":{"background-color":"var(--ast-global-color-4)","background-image":"","background-repeat":"repeat","background-position":"center center","background-size":"auto","background-attachment":"scroll","background-type":"","background-media":"","overlay-type":"","overlay-color":"","overlay-opacity":"","overlay-gradient":""},"tablet":{"background-color":"var(--ast-global-color-4)","background-image":"","background-repeat":"repeat","background-position":"center center","background-size":"auto","background-attachment":"scroll","background-type":"","background-media":"","overlay-type":"","overlay-color":"","overlay-opacity":"","overlay-gradient":""},"mobile":{"background-color":"var(--ast-global-color-4)","background-image":"","background-repeat":"repeat","background-position":"center center","background-size":"auto","background-attachment":"scroll","background-type":"","background-media":"","overlay-type":"","overlay-color":"","overlay-opacity":"","overlay-gradient":""}},"jetpack_post_was_ever_published":false,"footnotes":""},"categories":[78,156],"tags":[153,152,126,155],"class_list":["post-2763","post","type-post","status-publish","format-standard","has-post-thumbnail","hentry","category-blog","category-real-stories-real-people","tag-education","tag-family","tag-services","tag-suomi"],"yoast_head":"<!-- This site is optimized with the Yoast SEO plugin v27.5 - https:\/\/yoast.com\/product\/yoast-seo-wordpress\/ -->\n<title>Mira Lumijarhu - projekti- ja kehitysp\u00e4\u00e4llikk\u00f6 -<\/title>\n<meta name=\"robots\" content=\"index, follow, max-snippet:-1, max-image-preview:large, max-video-preview:-1\" \/>\n<link rel=\"canonical\" href=\"https:\/\/www.omegayksi.fi\/sv\/mira-lumijarhu-projekti-ja-kehityspaallikko\/\" \/>\n<meta property=\"og:locale\" content=\"sv_SE\" \/>\n<meta property=\"og:type\" content=\"article\" \/>\n<meta property=\"og:title\" content=\"Mira Lumijarhu - projekti- ja kehitysp\u00e4\u00e4llikk\u00f6 -\" \/>\n<meta property=\"og:description\" content=\"Toimin Omegayhdell\u00e4 projekti- ja kehitysp\u00e4\u00e4llikk\u00f6n\u00e4 vastaten yrityksen laadun-, laajennus- ja kehitystoimenpiteist\u00e4 sek\u00e4 Suomessa ett\u00e4 kansainv\u00e4lisesti. Nykyinen ty\u00f6roolini on tuore, mutta [&hellip;]\" \/>\n<meta property=\"og:url\" content=\"https:\/\/www.omegayksi.fi\/sv\/mira-lumijarhu-projekti-ja-kehityspaallikko\/\" \/>\n<meta property=\"article:publisher\" content=\"https:\/\/www.facebook.com\/profile.php?id=100094279863502\" \/>\n<meta property=\"article:published_time\" content=\"2025-08-11T08:47:22+00:00\" \/>\n<meta property=\"article:modified_time\" content=\"2025-08-18T13:46:32+00:00\" \/>\n<meta property=\"og:image\" content=\"https:\/\/www.omegayksi.fi\/wp-content\/uploads\/2025\/08\/IMG_4360-1024x683.jpg\" \/>\n\t<meta property=\"og:image:width\" content=\"1024\" \/>\n\t<meta property=\"og:image:height\" content=\"683\" \/>\n\t<meta property=\"og:image:type\" content=\"image\/jpeg\" \/>\n<meta name=\"author\" content=\"Mira Lumiharju\" \/>\n<meta name=\"twitter:card\" content=\"summary_large_image\" \/>\n<meta name=\"twitter:label1\" content=\"Skriven av\" \/>\n\t<meta name=\"twitter:data1\" content=\"Mira Lumiharju\" \/>\n\t<meta name=\"twitter:label2\" content=\"Ber\u00e4knad l\u00e4stid\" \/>\n\t<meta name=\"twitter:data2\" content=\"1 minut\" \/>\n<script type=\"application\/ld+json\" class=\"yoast-schema-graph\">{\"@context\":\"https:\\\/\\\/schema.org\",\"@graph\":[{\"@type\":\"Article\",\"@id\":\"https:\\\/\\\/www.omegayksi.fi\\\/mira-lumijarhu-projekti-ja-kehityspaallikko\\\/#article\",\"isPartOf\":{\"@id\":\"https:\\\/\\\/www.omegayksi.fi\\\/mira-lumijarhu-projekti-ja-kehityspaallikko\\\/\"},\"author\":{\"name\":\"Mira Lumiharju\",\"@id\":\"https:\\\/\\\/www.omegayksi.fi\\\/#\\\/schema\\\/person\\\/4b34be55ed00c8715953d80bb7348a19\"},\"headline\":\"Mira Lumijarhu &#8211; projekti- ja kehitysp\u00e4\u00e4llikk\u00f6\",\"datePublished\":\"2025-08-11T08:47:22+00:00\",\"dateModified\":\"2025-08-18T13:46:32+00:00\",\"mainEntityOfPage\":{\"@id\":\"https:\\\/\\\/www.omegayksi.fi\\\/mira-lumijarhu-projekti-ja-kehityspaallikko\\\/\"},\"wordCount\":278,\"publisher\":{\"@id\":\"https:\\\/\\\/www.omegayksi.fi\\\/#organization\"},\"image\":{\"@id\":\"https:\\\/\\\/www.omegayksi.fi\\\/mira-lumijarhu-projekti-ja-kehityspaallikko\\\/#primaryimage\"},\"thumbnailUrl\":\"http:\\\/\\\/www.omegayksi.fi\\\/wp-content\\\/uploads\\\/2025\\\/08\\\/IMG_4360.jpg\",\"keywords\":[\"education\",\"family\",\"services\",\"suomi\"],\"articleSection\":[\"Blog\",\"Real stories-real people\"],\"inLanguage\":\"sv-SE\"},{\"@type\":\"WebPage\",\"@id\":\"https:\\\/\\\/www.omegayksi.fi\\\/mira-lumijarhu-projekti-ja-kehityspaallikko\\\/\",\"url\":\"https:\\\/\\\/www.omegayksi.fi\\\/mira-lumijarhu-projekti-ja-kehityspaallikko\\\/\",\"name\":\"Mira Lumijarhu - projekti- ja kehitysp\u00e4\u00e4llikk\u00f6 -\",\"isPartOf\":{\"@id\":\"https:\\\/\\\/www.omegayksi.fi\\\/#website\"},\"primaryImageOfPage\":{\"@id\":\"https:\\\/\\\/www.omegayksi.fi\\\/mira-lumijarhu-projekti-ja-kehityspaallikko\\\/#primaryimage\"},\"image\":{\"@id\":\"https:\\\/\\\/www.omegayksi.fi\\\/mira-lumijarhu-projekti-ja-kehityspaallikko\\\/#primaryimage\"},\"thumbnailUrl\":\"http:\\\/\\\/www.omegayksi.fi\\\/wp-content\\\/uploads\\\/2025\\\/08\\\/IMG_4360.jpg\",\"datePublished\":\"2025-08-11T08:47:22+00:00\",\"dateModified\":\"2025-08-18T13:46:32+00:00\",\"breadcrumb\":{\"@id\":\"https:\\\/\\\/www.omegayksi.fi\\\/mira-lumijarhu-projekti-ja-kehityspaallikko\\\/#breadcrumb\"},\"inLanguage\":\"sv-SE\",\"potentialAction\":[{\"@type\":\"ReadAction\",\"target\":[\"https:\\\/\\\/www.omegayksi.fi\\\/mira-lumijarhu-projekti-ja-kehityspaallikko\\\/\"]}]},{\"@type\":\"ImageObject\",\"inLanguage\":\"sv-SE\",\"@id\":\"https:\\\/\\\/www.omegayksi.fi\\\/mira-lumijarhu-projekti-ja-kehityspaallikko\\\/#primaryimage\",\"url\":\"http:\\\/\\\/www.omegayksi.fi\\\/wp-content\\\/uploads\\\/2025\\\/08\\\/IMG_4360.jpg\",\"contentUrl\":\"http:\\\/\\\/www.omegayksi.fi\\\/wp-content\\\/uploads\\\/2025\\\/08\\\/IMG_4360.jpg\",\"width\":4272,\"height\":2848,\"caption\":\"projekti- ja kehitysp\u00e4\u00e4llikk\u00f6\"},{\"@type\":\"BreadcrumbList\",\"@id\":\"https:\\\/\\\/www.omegayksi.fi\\\/mira-lumijarhu-projekti-ja-kehityspaallikko\\\/#breadcrumb\",\"itemListElement\":[{\"@type\":\"ListItem\",\"position\":1,\"name\":\"Home\",\"item\":\"https:\\\/\\\/www.omegayksi.fi\\\/\"},{\"@type\":\"ListItem\",\"position\":2,\"name\":\"Mira Lumijarhu &#8211; projekti- ja kehitysp\u00e4\u00e4llikk\u00f6\"}]},{\"@type\":\"WebSite\",\"@id\":\"https:\\\/\\\/www.omegayksi.fi\\\/#website\",\"url\":\"https:\\\/\\\/www.omegayksi.fi\\\/\",\"name\":\"Omegayksi Oy\",\"description\":\"Laadukasta palvelua suurella syd&auml;mell&auml;\",\"publisher\":{\"@id\":\"https:\\\/\\\/www.omegayksi.fi\\\/#organization\"},\"potentialAction\":[{\"@type\":\"SearchAction\",\"target\":{\"@type\":\"EntryPoint\",\"urlTemplate\":\"https:\\\/\\\/www.omegayksi.fi\\\/?s={search_term_string}\"},\"query-input\":{\"@type\":\"PropertyValueSpecification\",\"valueRequired\":true,\"valueName\":\"search_term_string\"}}],\"inLanguage\":\"sv-SE\"},{\"@type\":\"Organization\",\"@id\":\"https:\\\/\\\/www.omegayksi.fi\\\/#organization\",\"name\":\"Omegayksi Oy\",\"url\":\"https:\\\/\\\/www.omegayksi.fi\\\/\",\"logo\":{\"@type\":\"ImageObject\",\"inLanguage\":\"sv-SE\",\"@id\":\"https:\\\/\\\/www.omegayksi.fi\\\/#\\\/schema\\\/logo\\\/image\\\/\",\"url\":\"http:\\\/\\\/www.omegayksi.fi\\\/wp-content\\\/uploads\\\/2022\\\/07\\\/cropped-cropped-cropped-Omegayksi-photomod3-1.png\",\"contentUrl\":\"http:\\\/\\\/www.omegayksi.fi\\\/wp-content\\\/uploads\\\/2022\\\/07\\\/cropped-cropped-cropped-Omegayksi-photomod3-1.png\",\"width\":1600,\"height\":929,\"caption\":\"Omegayksi Oy\"},\"image\":{\"@id\":\"https:\\\/\\\/www.omegayksi.fi\\\/#\\\/schema\\\/logo\\\/image\\\/\"},\"sameAs\":[\"https:\\\/\\\/www.facebook.com\\\/profile.php?id=100094279863502\"]},{\"@type\":\"Person\",\"@id\":\"https:\\\/\\\/www.omegayksi.fi\\\/#\\\/schema\\\/person\\\/4b34be55ed00c8715953d80bb7348a19\",\"name\":\"Mira Lumiharju\",\"image\":{\"@type\":\"ImageObject\",\"inLanguage\":\"sv-SE\",\"@id\":\"\\\/\\\/www.gravatar.com\\\/avatar\\\/e0d40674c1d5ee741593df5dc718dc26?s=96&#038;r=g&#038;d=mm\",\"url\":\"\\\/\\\/www.gravatar.com\\\/avatar\\\/e0d40674c1d5ee741593df5dc718dc26?s=96&#038;r=g&#038;d=mm\",\"contentUrl\":\"\\\/\\\/www.gravatar.com\\\/avatar\\\/e0d40674c1d5ee741593df5dc718dc26?s=96&#038;r=g&#038;d=mm\",\"caption\":\"Mira Lumiharju\"},\"url\":\"http:\\\/\\\/www.omegayksi.fi\\\/sv\\\/author\\\/mira\\\/\"}]}<\/script>\n<!-- \/ Yoast SEO plugin. -->","yoast_head_json":{"title":"Mira Lumijarhu - projekti- ja kehitysp\u00e4\u00e4llikk\u00f6 -","robots":{"index":"index","follow":"follow","max-snippet":"max-snippet:-1","max-image-preview":"max-image-preview:large","max-video-preview":"max-video-preview:-1"},"canonical":"https:\/\/www.omegayksi.fi\/sv\/mira-lumijarhu-projekti-ja-kehityspaallikko\/","og_locale":"sv_SE","og_type":"article","og_title":"Mira Lumijarhu - projekti- ja kehitysp\u00e4\u00e4llikk\u00f6 -","og_description":"Toimin Omegayhdell\u00e4 projekti- ja kehitysp\u00e4\u00e4llikk\u00f6n\u00e4 vastaten yrityksen laadun-, laajennus- ja kehitystoimenpiteist\u00e4 sek\u00e4 Suomessa ett\u00e4 kansainv\u00e4lisesti. Nykyinen ty\u00f6roolini on tuore, mutta [&hellip;]","og_url":"https:\/\/www.omegayksi.fi\/sv\/mira-lumijarhu-projekti-ja-kehityspaallikko\/","article_publisher":"https:\/\/www.facebook.com\/profile.php?id=100094279863502","article_published_time":"2025-08-11T08:47:22+00:00","article_modified_time":"2025-08-18T13:46:32+00:00","og_image":[{"width":1024,"height":683,"url":"https:\/\/www.omegayksi.fi\/wp-content\/uploads\/2025\/08\/IMG_4360-1024x683.jpg","type":"image\/jpeg"}],"author":"Mira Lumiharju","twitter_card":"summary_large_image","twitter_misc":{"Skriven av":"Mira Lumiharju","Ber\u00e4knad l\u00e4stid":"1 minut"},"schema":{"@context":"https:\/\/schema.org","@graph":[{"@type":"Article","@id":"https:\/\/www.omegayksi.fi\/mira-lumijarhu-projekti-ja-kehityspaallikko\/#article","isPartOf":{"@id":"https:\/\/www.omegayksi.fi\/mira-lumijarhu-projekti-ja-kehityspaallikko\/"},"author":{"name":"Mira Lumiharju","@id":"https:\/\/www.omegayksi.fi\/#\/schema\/person\/4b34be55ed00c8715953d80bb7348a19"},"headline":"Mira Lumijarhu &#8211; projekti- ja kehitysp\u00e4\u00e4llikk\u00f6","datePublished":"2025-08-11T08:47:22+00:00","dateModified":"2025-08-18T13:46:32+00:00","mainEntityOfPage":{"@id":"https:\/\/www.omegayksi.fi\/mira-lumijarhu-projekti-ja-kehityspaallikko\/"},"wordCount":278,"publisher":{"@id":"https:\/\/www.omegayksi.fi\/#organization"},"image":{"@id":"https:\/\/www.omegayksi.fi\/mira-lumijarhu-projekti-ja-kehityspaallikko\/#primaryimage"},"thumbnailUrl":"http:\/\/www.omegayksi.fi\/wp-content\/uploads\/2025\/08\/IMG_4360.jpg","keywords":["education","family","services","suomi"],"articleSection":["Blog","Real stories-real people"],"inLanguage":"sv-SE"},{"@type":"WebPage","@id":"https:\/\/www.omegayksi.fi\/mira-lumijarhu-projekti-ja-kehityspaallikko\/","url":"https:\/\/www.omegayksi.fi\/mira-lumijarhu-projekti-ja-kehityspaallikko\/","name":"Mira Lumijarhu - projekti- ja kehitysp\u00e4\u00e4llikk\u00f6 -","isPartOf":{"@id":"https:\/\/www.omegayksi.fi\/#website"},"primaryImageOfPage":{"@id":"https:\/\/www.omegayksi.fi\/mira-lumijarhu-projekti-ja-kehityspaallikko\/#primaryimage"},"image":{"@id":"https:\/\/www.omegayksi.fi\/mira-lumijarhu-projekti-ja-kehityspaallikko\/#primaryimage"},"thumbnailUrl":"http:\/\/www.omegayksi.fi\/wp-content\/uploads\/2025\/08\/IMG_4360.jpg","datePublished":"2025-08-11T08:47:22+00:00","dateModified":"2025-08-18T13:46:32+00:00","breadcrumb":{"@id":"https:\/\/www.omegayksi.fi\/mira-lumijarhu-projekti-ja-kehityspaallikko\/#breadcrumb"},"inLanguage":"sv-SE","potentialAction":[{"@type":"ReadAction","target":["https:\/\/www.omegayksi.fi\/mira-lumijarhu-projekti-ja-kehityspaallikko\/"]}]},{"@type":"ImageObject","inLanguage":"sv-SE","@id":"https:\/\/www.omegayksi.fi\/mira-lumijarhu-projekti-ja-kehityspaallikko\/#primaryimage","url":"http:\/\/www.omegayksi.fi\/wp-content\/uploads\/2025\/08\/IMG_4360.jpg","contentUrl":"http:\/\/www.omegayksi.fi\/wp-content\/uploads\/2025\/08\/IMG_4360.jpg","width":4272,"height":2848,"caption":"projekti- ja kehitysp\u00e4\u00e4llikk\u00f6"},{"@type":"BreadcrumbList","@id":"https:\/\/www.omegayksi.fi\/mira-lumijarhu-projekti-ja-kehityspaallikko\/#breadcrumb","itemListElement":[{"@type":"ListItem","position":1,"name":"Home","item":"https:\/\/www.omegayksi.fi\/"},{"@type":"ListItem","position":2,"name":"Mira Lumijarhu &#8211; projekti- ja kehitysp\u00e4\u00e4llikk\u00f6"}]},{"@type":"WebSite","@id":"https:\/\/www.omegayksi.fi\/#website","url":"https:\/\/www.omegayksi.fi\/","name":"Omegayksi Oy","description":"Laadukasta palvelua suurella syd&auml;mell&auml;","publisher":{"@id":"https:\/\/www.omegayksi.fi\/#organization"},"potentialAction":[{"@type":"SearchAction","target":{"@type":"EntryPoint","urlTemplate":"https:\/\/www.omegayksi.fi\/?s={search_term_string}"},"query-input":{"@type":"PropertyValueSpecification","valueRequired":true,"valueName":"search_term_string"}}],"inLanguage":"sv-SE"},{"@type":"Organization","@id":"https:\/\/www.omegayksi.fi\/#organization","name":"Omegayksi Oy","url":"https:\/\/www.omegayksi.fi\/","logo":{"@type":"ImageObject","inLanguage":"sv-SE","@id":"https:\/\/www.omegayksi.fi\/#\/schema\/logo\/image\/","url":"http:\/\/www.omegayksi.fi\/wp-content\/uploads\/2022\/07\/cropped-cropped-cropped-Omegayksi-photomod3-1.png","contentUrl":"http:\/\/www.omegayksi.fi\/wp-content\/uploads\/2022\/07\/cropped-cropped-cropped-Omegayksi-photomod3-1.png","width":1600,"height":929,"caption":"Omegayksi Oy"},"image":{"@id":"https:\/\/www.omegayksi.fi\/#\/schema\/logo\/image\/"},"sameAs":["https:\/\/www.facebook.com\/profile.php?id=100094279863502"]},{"@type":"Person","@id":"https:\/\/www.omegayksi.fi\/#\/schema\/person\/4b34be55ed00c8715953d80bb7348a19","name":"Mira Lumiharju","image":{"@type":"ImageObject","inLanguage":"sv-SE","@id":"\/\/www.gravatar.com\/avatar\/e0d40674c1d5ee741593df5dc718dc26?s=96&#038;r=g&#038;d=mm","url":"\/\/www.gravatar.com\/avatar\/e0d40674c1d5ee741593df5dc718dc26?s=96&#038;r=g&#038;d=mm","contentUrl":"\/\/www.gravatar.com\/avatar\/e0d40674c1d5ee741593df5dc718dc26?s=96&#038;r=g&#038;d=mm","caption":"Mira Lumiharju"},"url":"http:\/\/www.omegayksi.fi\/sv\/author\/mira\/"}]}},"jetpack_featured_media_url":"http:\/\/www.omegayksi.fi\/wp-content\/uploads\/2025\/08\/IMG_4360.jpg","_links":{"self":[{"href":"http:\/\/www.omegayksi.fi\/sv\/wp-json\/wp\/v2\/posts\/2763","targetHints":{"allow":["GET"]}}],"collection":[{"href":"http:\/\/www.omegayksi.fi\/sv\/wp-json\/wp\/v2\/posts"}],"about":[{"href":"http:\/\/www.omegayksi.fi\/sv\/wp-json\/wp\/v2\/types\/post"}],"author":[{"embeddable":true,"href":"http:\/\/www.omegayksi.fi\/sv\/wp-json\/wp\/v2\/users\/56"}],"replies":[{"embeddable":true,"href":"http:\/\/www.omegayksi.fi\/sv\/wp-json\/wp\/v2\/comments?post=2763"}],"version-history":[{"count":3,"href":"http:\/\/www.omegayksi.fi\/sv\/wp-json\/wp\/v2\/posts\/2763\/revisions"}],"predecessor-version":[{"id":2779,"href":"http:\/\/www.omegayksi.fi\/sv\/wp-json\/wp\/v2\/posts\/2763\/revisions\/2779"}],"wp:featuredmedia":[{"embeddable":true,"href":"http:\/\/www.omegayksi.fi\/sv\/wp-json\/wp\/v2\/media\/2778"}],"wp:attachment":[{"href":"http:\/\/www.omegayksi.fi\/sv\/wp-json\/wp\/v2\/media?parent=2763"}],"wp:term":[{"taxonomy":"category","embeddable":true,"href":"http:\/\/www.omegayksi.fi\/sv\/wp-json\/wp\/v2\/categories?post=2763"},{"taxonomy":"post_tag","embeddable":true,"href":"http:\/\/www.omegayksi.fi\/sv\/wp-json\/wp\/v2\/tags?post=2763"}],"curies":[{"name":"wp","href":"https:\/\/api.w.org\/{rel}","templated":true}]}}