{"id":2797,"date":"2025-08-27T18:04:11","date_gmt":"2025-08-27T15:04:11","guid":{"rendered":"https:\/\/www.omegayksi.fi\/?p=2797"},"modified":"2025-08-27T18:04:14","modified_gmt":"2025-08-27T15:04:14","slug":"afsaneh-hosseini-tiimivastaava-turku","status":"publish","type":"post","link":"http:\/\/www.omegayksi.fi\/sv\/afsaneh-hosseini-tiimivastaava-turku\/","title":{"rendered":"Afsaneh Hosseini, tiimivastaava Turku"},"content":{"rendered":"<figure class=\"wp-block-image size-large\"><img decoding=\"async\" src=\"https:\/\/www.omegayksi.fi\/wp-content\/uploads\/2025\/08\/Afsaneh-683x1024.jpg\" alt=\"Afsaneh Hosseini, tiimivastaava Turku\" class=\"wp-image-2798\"\/><figcaption class=\"wp-element-caption\">Afsaneh Hosseini, tiimivastaava Turku.<\/figcaption><\/figure>\n\n\n\n<p>Nimeni on Afsaneh Hosseini. Kasvoin Iranin p\u00e4\u00e4kaupungissa Teheranissa kolmilapsisen perheen esikoisena.<\/p>\n\n\n\n<p>Lapsuuteni oli t\u00e4ynn\u00e4 l\u00e4mp\u00f6\u00e4, vastuullisuutta ja perheen t\u00e4rkeytt\u00e4. Opettelin jo varhain huolehtimaan muista ja ottamaan vastuuta \u2013 arvot, jotka ovat pysyneet mukanani l\u00e4pi el\u00e4m\u00e4ni.<\/p>\n\n\n\n<p>Kasvuymp\u00e4rist\u00f6ni opetti minulle yhteis\u00f6llisyyden ja ahkeran ty\u00f6n arvon. Vaikka el\u00e4m\u00e4 ei aina ollut helppoa, opin n\u00e4kem\u00e4\u00e4n erilaisia mahdollisuuksia ja sopeutumaan muuttuviin tilanteisiin. N\u00e4iden kokemusten ansiosta olen joustava, empaattinen ja perhekeskeinen ihminen. Suurin vaikutus kasvuuni oli vanhemmillani, jotka opettivat minulle vastuullisuutta, perhearvoja ja toisten huomioon ottamista. Iranissa ihmiset pit\u00e4v\u00e4t vahvasti toisistaan huolta, ja t\u00e4m\u00e4 auttamisen ja v\u00e4litt\u00e4misen perinne ohjaa minua edelleen sek\u00e4 el\u00e4m\u00e4ss\u00e4 ett\u00e4 ty\u00f6ss\u00e4.<\/p>\n\n\n\n<p>Aloitin opintoni lukiossa Iranissa painottaen biologiaa ja haaveilin l\u00e4\u00e4ketieteen urasta. Saavuttuani Suomeen aloin opiskella l\u00e4hihoitajaksi ja my\u00f6hemmin suoritin sairaanhoitajan tutkinnon. Merkitt\u00e4v\u00e4 k\u00e4\u00e4nnekohta el\u00e4m\u00e4ss\u00e4ni oli p\u00e4\u00e4t\u00f6s jatkaa opintojani Suomessa vaikeuksista huolimatta. En antanut esteiden est\u00e4\u00e4 minua haaveilemasta, vaan k\u00e4ytin kaiken energiani eteenp\u00e4in menemiseen ja muiden auttamiseen.<\/p>\n\n\n\n<p>Ammatillinen polkuni on vienyt minut Turun kaupungin palvelukseen sek\u00e4 l\u00e4hihoitajana ett\u00e4 sairaanhoitajana. T\u00e4ll\u00e4 hetkell\u00e4 ty\u00f6skentelen tiimivastaavana Omegayhdell\u00e4. Vaikka roolini on uusi, aiempi kokemukseni antaa minulle vahvan perustan. Minua motivoi perheeni, erityisesti lapseni, sek\u00e4 halu olla esimerkki sinnikkyydest\u00e4 ja tehd\u00e4 merkityksellist\u00e4 ty\u00f6t\u00e4 ihmisten hyvinvoinnin eteen.<\/p>\n\n\n\n<p>Lataan akkujani viett\u00e4m\u00e4ll\u00e4 aikaa perheen ja yst\u00e4vien kanssa sek\u00e4 luonnossa. Haastavissa tilanteissa muistutan itselleni tavoitteistani ja siit\u00e4, kuinka pitk\u00e4lle olen jo p\u00e4\u00e4ssyt.<\/p>\n\n\n\n<p><\/p>","protected":false},"excerpt":{"rendered":"<p>Nimeni on Afsaneh Hosseini. Kasvoin Iranin p\u00e4\u00e4kaupungissa Teheranissa kolmilapsisen perheen esikoisena. Lapsuuteni oli t\u00e4ynn\u00e4 l\u00e4mp\u00f6\u00e4, vastuullisuutta ja perheen t\u00e4rkeytt\u00e4. Opettelin [&hellip;]<\/p>\n","protected":false},"author":1,"featured_media":2798,"comment_status":"closed","ping_status":"open","sticky":false,"template":"","format":"standard","meta":{"site-sidebar-layout":"default","site-content-layout":"","ast-site-content-layout":"default","site-content-style":"default","site-sidebar-style":"default","ast-global-header-display":"","ast-banner-title-visibility":"","ast-main-header-display":"","ast-hfb-above-header-display":"","ast-hfb-below-header-display":"","ast-hfb-mobile-header-display":"","site-post-title":"","ast-breadcrumbs-content":"","ast-featured-img":"","footer-sml-layout":"","ast-disable-related-posts":"","theme-transparent-header-meta":"","adv-header-id-meta":"","stick-header-meta":"","header-above-stick-meta":"","header-main-stick-meta":"","header-below-stick-meta":"","astra-migrate-meta-layouts":"default","ast-page-background-enabled":"default","ast-page-background-meta":{"desktop":{"background-color":"var(--ast-global-color-5)","background-image":"","background-repeat":"repeat","background-position":"center center","background-size":"auto","background-attachment":"scroll","background-type":"","background-media":"","overlay-type":"","overlay-color":"","overlay-opacity":"","overlay-gradient":""},"tablet":{"background-color":"","background-image":"","background-repeat":"repeat","background-position":"center center","background-size":"auto","background-attachment":"scroll","background-type":"","background-media":"","overlay-type":"","overlay-color":"","overlay-opacity":"","overlay-gradient":""},"mobile":{"background-color":"","background-image":"","background-repeat":"repeat","background-position":"center center","background-size":"auto","background-attachment":"scroll","background-type":"","background-media":"","overlay-type":"","overlay-color":"","overlay-opacity":"","overlay-gradient":""}},"ast-content-background-meta":{"desktop":{"background-color":"var(--ast-global-color-4)","background-image":"","background-repeat":"repeat","background-position":"center center","background-size":"auto","background-attachment":"scroll","background-type":"","background-media":"","overlay-type":"","overlay-color":"","overlay-opacity":"","overlay-gradient":""},"tablet":{"background-color":"var(--ast-global-color-4)","background-image":"","background-repeat":"repeat","background-position":"center center","background-size":"auto","background-attachment":"scroll","background-type":"","background-media":"","overlay-type":"","overlay-color":"","overlay-opacity":"","overlay-gradient":""},"mobile":{"background-color":"var(--ast-global-color-4)","background-image":"","background-repeat":"repeat","background-position":"center center","background-size":"auto","background-attachment":"scroll","background-type":"","background-media":"","overlay-type":"","overlay-color":"","overlay-opacity":"","overlay-gradient":""}},"jetpack_post_was_ever_published":false,"footnotes":""},"categories":[78,156],"tags":[153,152,126,155],"class_list":["post-2797","post","type-post","status-publish","format-standard","has-post-thumbnail","hentry","category-blog","category-real-stories-real-people","tag-education","tag-family","tag-services","tag-suomi"],"yoast_head":"<!-- This site is optimized with the Yoast SEO plugin v27.5 - https:\/\/yoast.com\/product\/yoast-seo-wordpress\/ -->\n<title>Afsaneh Hosseini, tiimivastaava Turku -<\/title>\n<meta name=\"robots\" content=\"index, follow, max-snippet:-1, max-image-preview:large, max-video-preview:-1\" \/>\n<link rel=\"canonical\" href=\"https:\/\/www.omegayksi.fi\/sv\/afsaneh-hosseini-tiimivastaava-turku\/\" \/>\n<meta property=\"og:locale\" content=\"sv_SE\" \/>\n<meta property=\"og:type\" content=\"article\" \/>\n<meta property=\"og:title\" content=\"Afsaneh Hosseini, tiimivastaava Turku -\" \/>\n<meta property=\"og:description\" content=\"Nimeni on Afsaneh Hosseini. Kasvoin Iranin p\u00e4\u00e4kaupungissa Teheranissa kolmilapsisen perheen esikoisena. Lapsuuteni oli t\u00e4ynn\u00e4 l\u00e4mp\u00f6\u00e4, vastuullisuutta ja perheen t\u00e4rkeytt\u00e4. Opettelin [&hellip;]\" \/>\n<meta property=\"og:url\" content=\"https:\/\/www.omegayksi.fi\/sv\/afsaneh-hosseini-tiimivastaava-turku\/\" \/>\n<meta property=\"article:publisher\" content=\"https:\/\/www.facebook.com\/profile.php?id=100094279863502\" \/>\n<meta property=\"article:published_time\" content=\"2025-08-27T15:04:11+00:00\" \/>\n<meta property=\"article:modified_time\" content=\"2025-08-27T15:04:14+00:00\" \/>\n<meta property=\"og:image\" content=\"https:\/\/www.omegayksi.fi\/wp-content\/uploads\/2025\/08\/Afsaneh-scaled-e1756307027246.jpg\" \/>\n\t<meta property=\"og:image:width\" content=\"1707\" \/>\n\t<meta property=\"og:image:height\" content=\"1446\" \/>\n\t<meta property=\"og:image:type\" content=\"image\/jpeg\" \/>\n<meta name=\"author\" content=\"admin\" \/>\n<meta name=\"twitter:card\" content=\"summary_large_image\" \/>\n<meta name=\"twitter:label1\" content=\"Skriven av\" \/>\n\t<meta name=\"twitter:data1\" content=\"admin\" \/>\n\t<meta name=\"twitter:label2\" content=\"Ber\u00e4knad l\u00e4stid\" \/>\n\t<meta name=\"twitter:data2\" content=\"1 minut\" \/>\n<script type=\"application\/ld+json\" class=\"yoast-schema-graph\">{\"@context\":\"https:\\\/\\\/schema.org\",\"@graph\":[{\"@type\":\"Article\",\"@id\":\"https:\\\/\\\/www.omegayksi.fi\\\/afsaneh-hosseini-tiimivastaava-turku\\\/#article\",\"isPartOf\":{\"@id\":\"https:\\\/\\\/www.omegayksi.fi\\\/afsaneh-hosseini-tiimivastaava-turku\\\/\"},\"author\":{\"name\":\"admin\",\"@id\":\"https:\\\/\\\/www.omegayksi.fi\\\/#\\\/schema\\\/person\\\/9654fc409b0ff8fd83425a77adee1510\"},\"headline\":\"Afsaneh Hosseini, tiimivastaava Turku\",\"datePublished\":\"2025-08-27T15:04:11+00:00\",\"dateModified\":\"2025-08-27T15:04:14+00:00\",\"mainEntityOfPage\":{\"@id\":\"https:\\\/\\\/www.omegayksi.fi\\\/afsaneh-hosseini-tiimivastaava-turku\\\/\"},\"wordCount\":261,\"publisher\":{\"@id\":\"https:\\\/\\\/www.omegayksi.fi\\\/#organization\"},\"image\":{\"@id\":\"https:\\\/\\\/www.omegayksi.fi\\\/afsaneh-hosseini-tiimivastaava-turku\\\/#primaryimage\"},\"thumbnailUrl\":\"http:\\\/\\\/www.omegayksi.fi\\\/wp-content\\\/uploads\\\/2025\\\/08\\\/Afsaneh-scaled-e1756307027246.jpg\",\"keywords\":[\"education\",\"family\",\"services\",\"suomi\"],\"articleSection\":[\"Blog\",\"Real stories-real people\"],\"inLanguage\":\"sv-SE\"},{\"@type\":\"WebPage\",\"@id\":\"https:\\\/\\\/www.omegayksi.fi\\\/afsaneh-hosseini-tiimivastaava-turku\\\/\",\"url\":\"https:\\\/\\\/www.omegayksi.fi\\\/afsaneh-hosseini-tiimivastaava-turku\\\/\",\"name\":\"Afsaneh Hosseini, tiimivastaava Turku -\",\"isPartOf\":{\"@id\":\"https:\\\/\\\/www.omegayksi.fi\\\/#website\"},\"primaryImageOfPage\":{\"@id\":\"https:\\\/\\\/www.omegayksi.fi\\\/afsaneh-hosseini-tiimivastaava-turku\\\/#primaryimage\"},\"image\":{\"@id\":\"https:\\\/\\\/www.omegayksi.fi\\\/afsaneh-hosseini-tiimivastaava-turku\\\/#primaryimage\"},\"thumbnailUrl\":\"http:\\\/\\\/www.omegayksi.fi\\\/wp-content\\\/uploads\\\/2025\\\/08\\\/Afsaneh-scaled-e1756307027246.jpg\",\"datePublished\":\"2025-08-27T15:04:11+00:00\",\"dateModified\":\"2025-08-27T15:04:14+00:00\",\"breadcrumb\":{\"@id\":\"https:\\\/\\\/www.omegayksi.fi\\\/afsaneh-hosseini-tiimivastaava-turku\\\/#breadcrumb\"},\"inLanguage\":\"sv-SE\",\"potentialAction\":[{\"@type\":\"ReadAction\",\"target\":[\"https:\\\/\\\/www.omegayksi.fi\\\/afsaneh-hosseini-tiimivastaava-turku\\\/\"]}]},{\"@type\":\"ImageObject\",\"inLanguage\":\"sv-SE\",\"@id\":\"https:\\\/\\\/www.omegayksi.fi\\\/afsaneh-hosseini-tiimivastaava-turku\\\/#primaryimage\",\"url\":\"http:\\\/\\\/www.omegayksi.fi\\\/wp-content\\\/uploads\\\/2025\\\/08\\\/Afsaneh-scaled-e1756307027246.jpg\",\"contentUrl\":\"http:\\\/\\\/www.omegayksi.fi\\\/wp-content\\\/uploads\\\/2025\\\/08\\\/Afsaneh-scaled-e1756307027246.jpg\",\"width\":1707,\"height\":1446,\"caption\":\"Afsaneh Hosseini, tiimivastaava Turku\"},{\"@type\":\"BreadcrumbList\",\"@id\":\"https:\\\/\\\/www.omegayksi.fi\\\/afsaneh-hosseini-tiimivastaava-turku\\\/#breadcrumb\",\"itemListElement\":[{\"@type\":\"ListItem\",\"position\":1,\"name\":\"Home\",\"item\":\"https:\\\/\\\/www.omegayksi.fi\\\/\"},{\"@type\":\"ListItem\",\"position\":2,\"name\":\"Afsaneh Hosseini, tiimivastaava Turku\"}]},{\"@type\":\"WebSite\",\"@id\":\"https:\\\/\\\/www.omegayksi.fi\\\/#website\",\"url\":\"https:\\\/\\\/www.omegayksi.fi\\\/\",\"name\":\"Omegayksi Oy\",\"description\":\"Laadukasta palvelua suurella syd&auml;mell&auml;\",\"publisher\":{\"@id\":\"https:\\\/\\\/www.omegayksi.fi\\\/#organization\"},\"potentialAction\":[{\"@type\":\"SearchAction\",\"target\":{\"@type\":\"EntryPoint\",\"urlTemplate\":\"https:\\\/\\\/www.omegayksi.fi\\\/?s={search_term_string}\"},\"query-input\":{\"@type\":\"PropertyValueSpecification\",\"valueRequired\":true,\"valueName\":\"search_term_string\"}}],\"inLanguage\":\"sv-SE\"},{\"@type\":\"Organization\",\"@id\":\"https:\\\/\\\/www.omegayksi.fi\\\/#organization\",\"name\":\"Omegayksi Oy\",\"url\":\"https:\\\/\\\/www.omegayksi.fi\\\/\",\"logo\":{\"@type\":\"ImageObject\",\"inLanguage\":\"sv-SE\",\"@id\":\"https:\\\/\\\/www.omegayksi.fi\\\/#\\\/schema\\\/logo\\\/image\\\/\",\"url\":\"http:\\\/\\\/www.omegayksi.fi\\\/wp-content\\\/uploads\\\/2022\\\/07\\\/cropped-cropped-cropped-Omegayksi-photomod3-1.png\",\"contentUrl\":\"http:\\\/\\\/www.omegayksi.fi\\\/wp-content\\\/uploads\\\/2022\\\/07\\\/cropped-cropped-cropped-Omegayksi-photomod3-1.png\",\"width\":1600,\"height\":929,\"caption\":\"Omegayksi Oy\"},\"image\":{\"@id\":\"https:\\\/\\\/www.omegayksi.fi\\\/#\\\/schema\\\/logo\\\/image\\\/\"},\"sameAs\":[\"https:\\\/\\\/www.facebook.com\\\/profile.php?id=100094279863502\"]},{\"@type\":\"Person\",\"@id\":\"https:\\\/\\\/www.omegayksi.fi\\\/#\\\/schema\\\/person\\\/9654fc409b0ff8fd83425a77adee1510\",\"name\":\"admin\",\"image\":{\"@type\":\"ImageObject\",\"inLanguage\":\"sv-SE\",\"@id\":\"\\\/\\\/www.gravatar.com\\\/avatar\\\/afa9c1a09a3269a7052a53c04b579910?s=96&#038;r=g&#038;d=mm\",\"url\":\"\\\/\\\/www.gravatar.com\\\/avatar\\\/afa9c1a09a3269a7052a53c04b579910?s=96&#038;r=g&#038;d=mm\",\"contentUrl\":\"\\\/\\\/www.gravatar.com\\\/avatar\\\/afa9c1a09a3269a7052a53c04b579910?s=96&#038;r=g&#038;d=mm\",\"caption\":\"admin\"},\"url\":\"http:\\\/\\\/www.omegayksi.fi\\\/sv\\\/author\\\/admin\\\/\"}]}<\/script>\n<!-- \/ Yoast SEO plugin. -->","yoast_head_json":{"title":"Afsaneh Hosseini, tiimivastaava Turku -","robots":{"index":"index","follow":"follow","max-snippet":"max-snippet:-1","max-image-preview":"max-image-preview:large","max-video-preview":"max-video-preview:-1"},"canonical":"https:\/\/www.omegayksi.fi\/sv\/afsaneh-hosseini-tiimivastaava-turku\/","og_locale":"sv_SE","og_type":"article","og_title":"Afsaneh Hosseini, tiimivastaava Turku -","og_description":"Nimeni on Afsaneh Hosseini. Kasvoin Iranin p\u00e4\u00e4kaupungissa Teheranissa kolmilapsisen perheen esikoisena. Lapsuuteni oli t\u00e4ynn\u00e4 l\u00e4mp\u00f6\u00e4, vastuullisuutta ja perheen t\u00e4rkeytt\u00e4. Opettelin [&hellip;]","og_url":"https:\/\/www.omegayksi.fi\/sv\/afsaneh-hosseini-tiimivastaava-turku\/","article_publisher":"https:\/\/www.facebook.com\/profile.php?id=100094279863502","article_published_time":"2025-08-27T15:04:11+00:00","article_modified_time":"2025-08-27T15:04:14+00:00","og_image":[{"width":1707,"height":1446,"url":"https:\/\/www.omegayksi.fi\/wp-content\/uploads\/2025\/08\/Afsaneh-scaled-e1756307027246.jpg","type":"image\/jpeg"}],"author":"admin","twitter_card":"summary_large_image","twitter_misc":{"Skriven av":"admin","Ber\u00e4knad l\u00e4stid":"1 minut"},"schema":{"@context":"https:\/\/schema.org","@graph":[{"@type":"Article","@id":"https:\/\/www.omegayksi.fi\/afsaneh-hosseini-tiimivastaava-turku\/#article","isPartOf":{"@id":"https:\/\/www.omegayksi.fi\/afsaneh-hosseini-tiimivastaava-turku\/"},"author":{"name":"admin","@id":"https:\/\/www.omegayksi.fi\/#\/schema\/person\/9654fc409b0ff8fd83425a77adee1510"},"headline":"Afsaneh Hosseini, tiimivastaava Turku","datePublished":"2025-08-27T15:04:11+00:00","dateModified":"2025-08-27T15:04:14+00:00","mainEntityOfPage":{"@id":"https:\/\/www.omegayksi.fi\/afsaneh-hosseini-tiimivastaava-turku\/"},"wordCount":261,"publisher":{"@id":"https:\/\/www.omegayksi.fi\/#organization"},"image":{"@id":"https:\/\/www.omegayksi.fi\/afsaneh-hosseini-tiimivastaava-turku\/#primaryimage"},"thumbnailUrl":"http:\/\/www.omegayksi.fi\/wp-content\/uploads\/2025\/08\/Afsaneh-scaled-e1756307027246.jpg","keywords":["education","family","services","suomi"],"articleSection":["Blog","Real stories-real people"],"inLanguage":"sv-SE"},{"@type":"WebPage","@id":"https:\/\/www.omegayksi.fi\/afsaneh-hosseini-tiimivastaava-turku\/","url":"https:\/\/www.omegayksi.fi\/afsaneh-hosseini-tiimivastaava-turku\/","name":"Afsaneh Hosseini, tiimivastaava Turku -","isPartOf":{"@id":"https:\/\/www.omegayksi.fi\/#website"},"primaryImageOfPage":{"@id":"https:\/\/www.omegayksi.fi\/afsaneh-hosseini-tiimivastaava-turku\/#primaryimage"},"image":{"@id":"https:\/\/www.omegayksi.fi\/afsaneh-hosseini-tiimivastaava-turku\/#primaryimage"},"thumbnailUrl":"http:\/\/www.omegayksi.fi\/wp-content\/uploads\/2025\/08\/Afsaneh-scaled-e1756307027246.jpg","datePublished":"2025-08-27T15:04:11+00:00","dateModified":"2025-08-27T15:04:14+00:00","breadcrumb":{"@id":"https:\/\/www.omegayksi.fi\/afsaneh-hosseini-tiimivastaava-turku\/#breadcrumb"},"inLanguage":"sv-SE","potentialAction":[{"@type":"ReadAction","target":["https:\/\/www.omegayksi.fi\/afsaneh-hosseini-tiimivastaava-turku\/"]}]},{"@type":"ImageObject","inLanguage":"sv-SE","@id":"https:\/\/www.omegayksi.fi\/afsaneh-hosseini-tiimivastaava-turku\/#primaryimage","url":"http:\/\/www.omegayksi.fi\/wp-content\/uploads\/2025\/08\/Afsaneh-scaled-e1756307027246.jpg","contentUrl":"http:\/\/www.omegayksi.fi\/wp-content\/uploads\/2025\/08\/Afsaneh-scaled-e1756307027246.jpg","width":1707,"height":1446,"caption":"Afsaneh Hosseini, tiimivastaava Turku"},{"@type":"BreadcrumbList","@id":"https:\/\/www.omegayksi.fi\/afsaneh-hosseini-tiimivastaava-turku\/#breadcrumb","itemListElement":[{"@type":"ListItem","position":1,"name":"Home","item":"https:\/\/www.omegayksi.fi\/"},{"@type":"ListItem","position":2,"name":"Afsaneh Hosseini, tiimivastaava Turku"}]},{"@type":"WebSite","@id":"https:\/\/www.omegayksi.fi\/#website","url":"https:\/\/www.omegayksi.fi\/","name":"Omegayksi Oy","description":"Laadukasta palvelua suurella syd&auml;mell&auml;","publisher":{"@id":"https:\/\/www.omegayksi.fi\/#organization"},"potentialAction":[{"@type":"SearchAction","target":{"@type":"EntryPoint","urlTemplate":"https:\/\/www.omegayksi.fi\/?s={search_term_string}"},"query-input":{"@type":"PropertyValueSpecification","valueRequired":true,"valueName":"search_term_string"}}],"inLanguage":"sv-SE"},{"@type":"Organization","@id":"https:\/\/www.omegayksi.fi\/#organization","name":"Omegayksi Oy","url":"https:\/\/www.omegayksi.fi\/","logo":{"@type":"ImageObject","inLanguage":"sv-SE","@id":"https:\/\/www.omegayksi.fi\/#\/schema\/logo\/image\/","url":"http:\/\/www.omegayksi.fi\/wp-content\/uploads\/2022\/07\/cropped-cropped-cropped-Omegayksi-photomod3-1.png","contentUrl":"http:\/\/www.omegayksi.fi\/wp-content\/uploads\/2022\/07\/cropped-cropped-cropped-Omegayksi-photomod3-1.png","width":1600,"height":929,"caption":"Omegayksi Oy"},"image":{"@id":"https:\/\/www.omegayksi.fi\/#\/schema\/logo\/image\/"},"sameAs":["https:\/\/www.facebook.com\/profile.php?id=100094279863502"]},{"@type":"Person","@id":"https:\/\/www.omegayksi.fi\/#\/schema\/person\/9654fc409b0ff8fd83425a77adee1510","name":"admin","image":{"@type":"ImageObject","inLanguage":"sv-SE","@id":"\/\/www.gravatar.com\/avatar\/afa9c1a09a3269a7052a53c04b579910?s=96&#038;r=g&#038;d=mm","url":"\/\/www.gravatar.com\/avatar\/afa9c1a09a3269a7052a53c04b579910?s=96&#038;r=g&#038;d=mm","contentUrl":"\/\/www.gravatar.com\/avatar\/afa9c1a09a3269a7052a53c04b579910?s=96&#038;r=g&#038;d=mm","caption":"admin"},"url":"http:\/\/www.omegayksi.fi\/sv\/author\/admin\/"}]}},"jetpack_featured_media_url":"http:\/\/www.omegayksi.fi\/wp-content\/uploads\/2025\/08\/Afsaneh-scaled-e1756307027246.jpg","_links":{"self":[{"href":"http:\/\/www.omegayksi.fi\/sv\/wp-json\/wp\/v2\/posts\/2797","targetHints":{"allow":["GET"]}}],"collection":[{"href":"http:\/\/www.omegayksi.fi\/sv\/wp-json\/wp\/v2\/posts"}],"about":[{"href":"http:\/\/www.omegayksi.fi\/sv\/wp-json\/wp\/v2\/types\/post"}],"author":[{"embeddable":true,"href":"http:\/\/www.omegayksi.fi\/sv\/wp-json\/wp\/v2\/users\/1"}],"replies":[{"embeddable":true,"href":"http:\/\/www.omegayksi.fi\/sv\/wp-json\/wp\/v2\/comments?post=2797"}],"version-history":[{"count":1,"href":"http:\/\/www.omegayksi.fi\/sv\/wp-json\/wp\/v2\/posts\/2797\/revisions"}],"predecessor-version":[{"id":2799,"href":"http:\/\/www.omegayksi.fi\/sv\/wp-json\/wp\/v2\/posts\/2797\/revisions\/2799"}],"wp:featuredmedia":[{"embeddable":true,"href":"http:\/\/www.omegayksi.fi\/sv\/wp-json\/wp\/v2\/media\/2798"}],"wp:attachment":[{"href":"http:\/\/www.omegayksi.fi\/sv\/wp-json\/wp\/v2\/media?parent=2797"}],"wp:term":[{"taxonomy":"category","embeddable":true,"href":"http:\/\/www.omegayksi.fi\/sv\/wp-json\/wp\/v2\/categories?post=2797"},{"taxonomy":"post_tag","embeddable":true,"href":"http:\/\/www.omegayksi.fi\/sv\/wp-json\/wp\/v2\/tags?post=2797"}],"curies":[{"name":"wp","href":"https:\/\/api.w.org\/{rel}","templated":true}]}}